{"id":7578,"date":"2026-09-04T12:16:16","date_gmt":"2026-09-04T12:16:16","guid":{"rendered":"https:\/\/www.minader.cm\/?p=7578"},"modified":"2026-09-04T12:16:21","modified_gmt":"2026-09-04T12:16:21","slug":"nominations-des-responsables-dans-les-services-centraux-et-deconcentres-4","status":"publish","type":"post","link":"https:\/\/www.minader.cm\/index.php\/2026\/09\/04\/nominations-des-responsables-dans-les-services-centraux-et-deconcentres-4\/","title":{"rendered":"Nominations des Responsables dans les services centraux et d\u00e9concentr\u00e9s"},"content":{"rendered":"\n\n\n<p>Le Ministre de l&rsquo;Agriculture et du D\u00e9veloppement Rural a sign\u00e9 ce 02 septembre 2026, deux D\u00e9cisions portant nominations des Responsables dans les Services Centraux et D\u00e9concentr\u00e9s. Il s&rsquo;agit de :<\/p>\n\n\n\n<div data-wp-interactive=\"core\/file\" class=\"wp-block-file\"><object data-wp-bind--hidden=\"!state.hasPdfPreview\" hidden class=\"wp-block-file__embed\" data=\"https:\/\/www.minader.cm\/wp-content\/uploads\/2026\/09\/Arrete_Nomination_SC_no_00000006_du_02-09-2026.pdf\" type=\"application\/pdf\" style=\"width:100%;height:600px\" aria-label=\"Contenu embarqu\u00e9 Arr\u00eat\u00e9_N\u00b000000006_du_02-09-2026 portant nominations des Responsables dans les Services D\u00e9concentr\u00e9s .\"><\/object><a id=\"wp-block-file--media-83fe1df0-a6b7-4f40-921a-dd6715d4b578\" href=\"https:\/\/www.minader.cm\/wp-content\/uploads\/2026\/09\/Arrete_Nomination_SC_no_00000006_du_02-09-2026.pdf\" target=\"_blank\" rel=\"noreferrer noopener\">Arr\u00eat\u00e9_N\u00b000000006_du_02-09-2026 portant nominations des Responsables dans les Services D\u00e9concentr\u00e9s <\/a><a href=\"https:\/\/www.minader.cm\/wp-content\/uploads\/2026\/09\/Arrete_Nomination_SC_no_00000006_du_02-09-2026.pdf\" class=\"wp-block-file__button wp-element-button\" download aria-describedby=\"wp-block-file--media-83fe1df0-a6b7-4f40-921a-dd6715d4b578\">T\u00e9l\u00e9charger<\/a><\/div>\n\n\n\n<div data-wp-interactive=\"core\/file\" class=\"wp-block-file\"><object data-wp-bind--hidden=\"!state.hasPdfPreview\" hidden class=\"wp-block-file__embed\" data=\"https:\/\/www.minader.cm\/wp-content\/uploads\/2026\/09\/Arrete_Nomination_SD_no_00000007_du_02-09-2026.pdf\" type=\"application\/pdf\" style=\"width:100%;height:600px\" aria-label=\"Contenu embarqu\u00e9 Arr\u00eat\u00e9_N\u00b0_00000007_du_02-09-2026 portant nominations des Responsables dans les Services D\u00e9concentr\u00e9s.\"><\/object><a id=\"wp-block-file--media-3231542a-7166-4093-8f6c-67e971ac555e\" href=\"https:\/\/www.minader.cm\/wp-content\/uploads\/2026\/09\/Arrete_Nomination_SD_no_00000007_du_02-09-2026.pdf\" target=\"_blank\" rel=\"noreferrer noopener\">Arr\u00eat\u00e9_N\u00b0_00000007_du_02-09-2026 portant nominations des Responsables dans les Services D\u00e9concentr\u00e9s<\/a><a href=\"https:\/\/www.minader.cm\/wp-content\/uploads\/2026\/09\/Arrete_Nomination_SD_no_00000007_du_02-09-2026.pdf\" class=\"wp-block-file__button wp-element-button\" download aria-describedby=\"wp-block-file--media-3231542a-7166-4093-8f6c-67e971ac555e\">T\u00e9l\u00e9charger<\/a><\/div>\n\n\n\n\n","protected":false},"excerpt":{"rendered":"<p>Le Ministre de l&rsquo;Agriculture et du D\u00e9veloppement Rural a sign\u00e9 ce 02 septembre 2026, deux D\u00e9cisions portant nominations des Responsables dans les Services Centraux et D\u00e9concentr\u00e9s. Il s&rsquo;agit de :<\/p>\n","protected":false},"author":1,"featured_media":7582,"comment_status":"open","ping_status":"open","sticky":false,"template":"","format":"standard","meta":{"_jetpack_memberships_contains_paid_content":false,"footnotes":""},"categories":[7,3,36],"tags":[30],"class_list":["post-7578","post","type-post","status-publish","format-standard","has-post-thumbnail","hentry","category-a-la-une","category-actualites","category-documentation","tag-nomination"],"jetpack_featured_media_url":"https:\/\/i0.wp.com\/www.minader.cm\/wp-content\/uploads\/2026\/09\/nomination-scaled.jpg?fit=2560%2C1040&ssl=1","jetpack_sharing_enabled":true,"jetpack_likes_enabled":true,"_links":{"self":[{"href":"https:\/\/www.minader.cm\/index.php\/wp-json\/wp\/v2\/posts\/7578","targetHints":{"allow":["GET"]}}],"collection":[{"href":"https:\/\/www.minader.cm\/index.php\/wp-json\/wp\/v2\/posts"}],"about":[{"href":"https:\/\/www.minader.cm\/index.php\/wp-json\/wp\/v2\/types\/post"}],"author":[{"embeddable":true,"href":"https:\/\/www.minader.cm\/index.php\/wp-json\/wp\/v2\/users\/1"}],"replies":[{"embeddable":true,"href":"https:\/\/www.minader.cm\/index.php\/wp-json\/wp\/v2\/comments?post=7578"}],"version-history":[{"count":1,"href":"https:\/\/www.minader.cm\/index.php\/wp-json\/wp\/v2\/posts\/7578\/revisions"}],"predecessor-version":[{"id":7583,"href":"https:\/\/www.minader.cm\/index.php\/wp-json\/wp\/v2\/posts\/7578\/revisions\/7583"}],"wp:featuredmedia":[{"embeddable":true,"href":"https:\/\/www.minader.cm\/index.php\/wp-json\/wp\/v2\/media\/7582"}],"wp:attachment":[{"href":"https:\/\/www.minader.cm\/index.php\/wp-json\/wp\/v2\/media?parent=7578"}],"wp:term":[{"taxonomy":"category","embeddable":true,"href":"https:\/\/www.minader.cm\/index.php\/wp-json\/wp\/v2\/categories?post=7578"},{"taxonomy":"post_tag","embeddable":true,"href":"https:\/\/www.minader.cm\/index.php\/wp-json\/wp\/v2\/tags?post=7578"}],"curies":[{"name":"wp","href":"https:\/\/api.w.org\/{rel}","templated":true}]}}